{"id":211988,"date":"2021-11-10T10:32:00","date_gmt":"2021-11-10T10:32:00","guid":{"rendered":"https:\/\/www.irbis.cat\/2021\/11\/25\/participamos-en-el-proyecto-europeo-taking-care\/"},"modified":"2021-11-25T10:36:13","modified_gmt":"2021-11-25T10:36:13","slug":"participamos-en-el-proyecto-europeo-taking-care","status":"publish","type":"post","link":"https:\/\/www.irbis.cat\/es\/2021\/11\/10\/participamos-en-el-proyecto-europeo-taking-care\/","title":{"rendered":"Participamos en el proyecto europeo \u00abTaking care\u00bb"},"content":{"rendered":"\n<p>El proyecto Taking Care sit\u00faa a los museos etnogr\u00e1ficos y de culturas del mundo en el centro de la b\u00fasqueda de posibles estrategias frente a las ansiedades sobre el presente y el futuro del planeta y del cuestionamiento de las democracias plurales.<\/p>\n\n\n\n<p>El Museo Etnol\u00f3gico y de Culturas del Mundo es uno de los 14 museos de etnolog\u00eda y culturas del mundo miembros del proyecto  <a href=\"https:\/\/takingcareproject.eu\/\" target=\"_blank\" rel=\"noreferrer noopener\">Taking Care \u2013 Ethnographic and World Cultures Museums as Spaces of Care<\/a>, cofinanciado por la Comisi\u00f3n Europea en el marco del programa  <a href=\"http:\/\/www.creativeeuropeuk.eu\/funded-projects\/taking-care-ethnographic-and-world-cultures-museums-spaces-care\" target=\"_blank\" rel=\"noreferrer noopener\">Creative Europe<\/a>, que tiene como objetivo favorecer la cooperaci\u00f3n cultural transfronteriza y apoyar al sector de la cultura y las artes visuales.<\/p>\n\n\n\n<p>En este marco, el Museo Etnol\u00f3gico y de Culturas del Mundo organiz\u00f3 durante los d\u00edas 10-11 de noviembre de 2021, el taller La sostenibilidad ecol\u00f3gica de la ciudad, en el que hemos participado como ponentes explicando el trabajo realizado durante los \u00faltimos siete a\u00f1os como asesores ambientales en el Instituto de Cultura de Barcelona (ICUB).<\/p>\n\n\n\n<p>Pod\u00e9is ver el programa en este enlace:<\/p>\n\n\n\n<p><a href=\"https:\/\/www.barcelona.cat\/museu-etnologic-culturesmon\/ca\/node\/2079\" target=\"_blank\" rel=\"noopener\">https:\/\/www.barcelona.cat\/museu-etnologic-culturesmon\/ca\/node\/2079<\/a><\/p>\n","protected":false},"excerpt":{"rendered":"<p>El proyecto Taking Care sit\u00faa a los museos etnogr\u00e1ficos y de culturas del mundo en el centro de la b\u00fasqueda de posibles estrategias frente a las ansiedades sobre el presente y el futuro del planeta y del cuestionamiento de las democracias plurales. El Museo Etnol\u00f3gico y de Culturas del Mundo es uno de los 14 [&hellip;]<\/p>\n","protected":false},"author":6,"featured_media":211985,"comment_status":"open","ping_status":"open","sticky":false,"template":"","format":"standard","meta":{"_et_pb_use_builder":"off","_et_pb_old_content":"","_et_gb_content_width":""},"categories":[74,31],"tags":[],"_links":{"self":[{"href":"https:\/\/www.irbis.cat\/es\/wp-json\/wp\/v2\/posts\/211988"}],"collection":[{"href":"https:\/\/www.irbis.cat\/es\/wp-json\/wp\/v2\/posts"}],"about":[{"href":"https:\/\/www.irbis.cat\/es\/wp-json\/wp\/v2\/types\/post"}],"author":[{"embeddable":true,"href":"https:\/\/www.irbis.cat\/es\/wp-json\/wp\/v2\/users\/6"}],"replies":[{"embeddable":true,"href":"https:\/\/www.irbis.cat\/es\/wp-json\/wp\/v2\/comments?post=211988"}],"version-history":[{"count":3,"href":"https:\/\/www.irbis.cat\/es\/wp-json\/wp\/v2\/posts\/211988\/revisions"}],"predecessor-version":[{"id":211992,"href":"https:\/\/www.irbis.cat\/es\/wp-json\/wp\/v2\/posts\/211988\/revisions\/211992"}],"wp:featuredmedia":[{"embeddable":true,"href":"https:\/\/www.irbis.cat\/es\/wp-json\/wp\/v2\/media\/211985"}],"wp:attachment":[{"href":"https:\/\/www.irbis.cat\/es\/wp-json\/wp\/v2\/media?parent=211988"}],"wp:term":[{"taxonomy":"category","embeddable":true,"href":"https:\/\/www.irbis.cat\/es\/wp-json\/wp\/v2\/categories?post=211988"},{"taxonomy":"post_tag","embeddable":true,"href":"https:\/\/www.irbis.cat\/es\/wp-json\/wp\/v2\/tags?post=211988"}],"curies":[{"name":"wp","href":"https:\/\/api.w.org\/{rel}","templated":true}]}}