{"id":211958,"date":"2021-09-17T12:55:00","date_gmt":"2021-09-17T12:55:00","guid":{"rendered":"https:\/\/www.irbis.cat\/2021\/11\/09\/repensando-los-espacios-urbanos-parking-day-barcelona-2021\/"},"modified":"2021-11-09T13:06:10","modified_gmt":"2021-11-09T13:06:10","slug":"repensando-los-espacios-urbanos-parking-day-barcelona-2021","status":"publish","type":"post","link":"https:\/\/www.irbis.cat\/es\/2021\/09\/17\/repensando-los-espacios-urbanos-parking-day-barcelona-2021\/","title":{"rendered":"Repensando los espacios urbanos: Park(ing) day, Barcelona, 2021"},"content":{"rendered":"\n<p>El pasado viernes d\u00eda 17 de septiembre, Clara Montaner, miembro de Irbis, particip\u00f3 en el Park(ing) day, organizando un encuentro en la calle para debatir sobre c\u00f3mo promover la resiliencia urbana a trav\u00e9s de la mejora del ecosistema urbano y el trabajo participativo de la comunidad.<\/p>\n\n\n\n<p>El Park(ing) Day es un evento anual que tiene lugar en varias ciudades de todo el mundo. Se trata de una acci\u00f3n de ciudad performativa, educativa y reinvindicativa, donde diversas entidades, colectivos y ciudadan\u00eda en general, transforman de forma temporal plazas p\u00fablicas de aparcamiento en parques, jardines y otras formas de espacio p\u00fablico con el objetivo de reflexionar sobre nuestro modelo de ciudad y avanzar hacia nuevos planteamientos centrados en las personas y el medio ambiente.<\/p>\n\n\n\n<p>Esta iniciativa surgi\u00f3 en la ciudad de San Francisco en 2005, donde el colectivo de arquitectos Rebar propuso una nueva manera de mostrar y expresar esta reivindicaci\u00f3n. Hoy se hace a 200 ciudades de todo el mundo. En Barcelona m\u00e1s de 50 entidades y colectivos han participado este a\u00f1o con varios eventos.<\/p>\n","protected":false},"excerpt":{"rendered":"<p>El pasado viernes d\u00eda 17 de septiembre, Clara Montaner, miembro de Irbis, particip\u00f3 en el Park(ing) day, organizando un encuentro en la calle para debatir sobre c\u00f3mo promover la resiliencia urbana a trav\u00e9s de la mejora del ecosistema urbano y el trabajo participativo de la comunidad. El Park(ing) Day es un evento anual que tiene [&hellip;]<\/p>\n","protected":false},"author":2,"featured_media":211936,"comment_status":"open","ping_status":"open","sticky":false,"template":"","format":"standard","meta":{"_et_pb_use_builder":"off","_et_pb_old_content":"","_et_gb_content_width":""},"categories":[47],"tags":[],"_links":{"self":[{"href":"https:\/\/www.irbis.cat\/es\/wp-json\/wp\/v2\/posts\/211958"}],"collection":[{"href":"https:\/\/www.irbis.cat\/es\/wp-json\/wp\/v2\/posts"}],"about":[{"href":"https:\/\/www.irbis.cat\/es\/wp-json\/wp\/v2\/types\/post"}],"author":[{"embeddable":true,"href":"https:\/\/www.irbis.cat\/es\/wp-json\/wp\/v2\/users\/2"}],"replies":[{"embeddable":true,"href":"https:\/\/www.irbis.cat\/es\/wp-json\/wp\/v2\/comments?post=211958"}],"version-history":[{"count":2,"href":"https:\/\/www.irbis.cat\/es\/wp-json\/wp\/v2\/posts\/211958\/revisions"}],"predecessor-version":[{"id":211962,"href":"https:\/\/www.irbis.cat\/es\/wp-json\/wp\/v2\/posts\/211958\/revisions\/211962"}],"wp:featuredmedia":[{"embeddable":true,"href":"https:\/\/www.irbis.cat\/es\/wp-json\/wp\/v2\/media\/211936"}],"wp:attachment":[{"href":"https:\/\/www.irbis.cat\/es\/wp-json\/wp\/v2\/media?parent=211958"}],"wp:term":[{"taxonomy":"category","embeddable":true,"href":"https:\/\/www.irbis.cat\/es\/wp-json\/wp\/v2\/categories?post=211958"},{"taxonomy":"post_tag","embeddable":true,"href":"https:\/\/www.irbis.cat\/es\/wp-json\/wp\/v2\/tags?post=211958"}],"curies":[{"name":"wp","href":"https:\/\/api.w.org\/{rel}","templated":true}]}}