{"id":211888,"date":"2021-09-20T11:36:59","date_gmt":"2021-09-20T11:36:59","guid":{"rendered":"https:\/\/www.irbis.cat\/2021\/09\/22\/presentamos-la-auditoria-ambiental-de-lluisos-de-gracia\/"},"modified":"2023-05-31T14:02:36","modified_gmt":"2023-05-31T14:02:36","slug":"presentamos-la-auditoria-ambiental-de-lluisos-de-gracia","status":"publish","type":"post","link":"https:\/\/www.irbis.cat\/es\/2021\/09\/20\/presentamos-la-auditoria-ambiental-de-lluisos-de-gracia\/","title":{"rendered":"Presentamos la auditor\u00eda ambiental de Llu\u00efsos de Gr\u00e0cia"},"content":{"rendered":"\n<p>Durante el 2021 hemos estado elaborando la auditor\u00eda ambiental de Llu\u00efsos de Gr\u00e0cia, asociaci\u00f3n sociocultural y deportiva, sin \u00e1nimo de lucro, fundada en 1855 en la Vila de Gr\u00e0cia (Barcelona), en colaboraci\u00f3n con Mireia Boya Busquet, PhD en Environmental Design.<\/p>\n\n<p>El trabajo de estos \u00faltimos meses ha concluido con la presentaci\u00f3n, este lunes 20 de septiembre, de las conclusiones del diagn\u00f3stico y una serie de propuestas y acciones a desarrollar ante la Junta y las socias que han asistido.<\/p>\n\n<p>El presidente de la entidad, Rafael Gim\u00e9nez, destac\u00f3 que \u00abla auditor\u00eda no ha sido nunca pensada como finalidad sino como primer paso estrat\u00e9gico para empezar a ordenar y marcar el camino a seguir a partir de ahora\u00bb y que \u00bb hay mucho trabajo por hacer y la voluntad y el compromiso de hacerlo \u00ab, trabajo que en gran parte asumir\u00e1 el Equipo Verde de Llu\u00efsos de Gr\u00e0cia, que tendr\u00e1 el objetivo de velar y ayudar en el desarrollo de las acciones que se desprenden de ella.<\/p>\n\n<p>Pod\u00e9is leer la not\u00edcia completa y consultar el documento aqu\u00ed: <a href=\"https:\/\/lluisosdegracia.cat\/blog\/2021\/09\/21\/a-lluisos-de-gracia-fem-una-aposta-per-la-sostenibilitat-us-presentem-lauditoria-ambiental\/#\" target=\"_blank\" rel=\"noopener\">https:\/\/lluisosdegracia.cat\/blog\/2021\/09\/21\/a-lluisos-de-gracia-fem-una-aposta-per-la-sostenibilitat-us-presentem-lauditoria-ambiental\/#<\/a><\/p>\n","protected":false},"excerpt":{"rendered":"<p>Durante el 2021 hemos estado elaborando la auditor\u00eda ambiental de Llu\u00efsos de Gr\u00e0cia, asociaci\u00f3n sociocultural y deportiva, sin \u00e1nimo de lucro, fundada en 1855 en la Vila de Gr\u00e0cia (Barcelona), en colaboraci\u00f3n con Mireia Boya Busquet, PhD en Environmental Design. El trabajo de estos \u00faltimos meses ha concluido con la presentaci\u00f3n, este lunes 20 de [&hellip;]<\/p>\n","protected":false},"author":6,"featured_media":211883,"comment_status":"open","ping_status":"open","sticky":false,"template":"","format":"standard","meta":{"_et_pb_use_builder":"off","_et_pb_old_content":"","_et_gb_content_width":""},"categories":[74,63,47],"tags":[],"_links":{"self":[{"href":"https:\/\/www.irbis.cat\/es\/wp-json\/wp\/v2\/posts\/211888"}],"collection":[{"href":"https:\/\/www.irbis.cat\/es\/wp-json\/wp\/v2\/posts"}],"about":[{"href":"https:\/\/www.irbis.cat\/es\/wp-json\/wp\/v2\/types\/post"}],"author":[{"embeddable":true,"href":"https:\/\/www.irbis.cat\/es\/wp-json\/wp\/v2\/users\/6"}],"replies":[{"embeddable":true,"href":"https:\/\/www.irbis.cat\/es\/wp-json\/wp\/v2\/comments?post=211888"}],"version-history":[{"count":5,"href":"https:\/\/www.irbis.cat\/es\/wp-json\/wp\/v2\/posts\/211888\/revisions"}],"predecessor-version":[{"id":212642,"href":"https:\/\/www.irbis.cat\/es\/wp-json\/wp\/v2\/posts\/211888\/revisions\/212642"}],"wp:featuredmedia":[{"embeddable":true,"href":"https:\/\/www.irbis.cat\/es\/wp-json\/wp\/v2\/media\/211883"}],"wp:attachment":[{"href":"https:\/\/www.irbis.cat\/es\/wp-json\/wp\/v2\/media?parent=211888"}],"wp:term":[{"taxonomy":"category","embeddable":true,"href":"https:\/\/www.irbis.cat\/es\/wp-json\/wp\/v2\/categories?post=211888"},{"taxonomy":"post_tag","embeddable":true,"href":"https:\/\/www.irbis.cat\/es\/wp-json\/wp\/v2\/tags?post=211888"}],"curies":[{"name":"wp","href":"https:\/\/api.w.org\/{rel}","templated":true}]}}