{"id":211797,"date":"2021-07-14T11:15:01","date_gmt":"2021-07-14T11:15:01","guid":{"rendered":"https:\/\/www.irbis.cat\/2021\/07\/16\/participamos-en-las-i-jornadas-el-eixample-y-la-metropoli-de-barcelona-un-cruce-de-futuros\/"},"modified":"2021-07-16T11:16:09","modified_gmt":"2021-07-16T11:16:09","slug":"participamos-en-las-i-jornadas-el-eixample-y-la-metropoli-de-barcelona-un-cruce-de-futuros","status":"publish","type":"post","link":"https:\/\/www.irbis.cat\/es\/2021\/07\/14\/participamos-en-las-i-jornadas-el-eixample-y-la-metropoli-de-barcelona-un-cruce-de-futuros\/","title":{"rendered":"Participamos en las I Jornadas \u00abEl Eixample y la metr\u00f3poli de Barcelona: un cruce de futuros\u00bb"},"content":{"rendered":"\n<p>El 14 de julio participamos en el debate <em>La ciudad verde: los ejes verdes y los corredores ecol\u00f3gicos del Eixample<\/em> en el marco de las Jornadas que el Distrito del Eixample organiza para reflexionar en torno a diferentes tem\u00e1ticas que le afectan.<\/p>\n\n\n\n<p>Junto con Xavier Matilla, Maria Sisternas y Lidia Calvo, explicamos a trav\u00e9s del caso concreto de la Plaza de las Gl\u00f2ries, como un planteamiento del verde que mejore la biodiversidad y los servicios ecosist\u00e9micos mejora las condiciones de vida en la ciudad y el confort de las personas.<\/p>\n\n\n\n<p>Pod\u00e9is ver el debate en el siguiente enlace:<\/p>\n\n\n\n<figure class=\"wp-block-embed-youtube wp-block-embed is-type-video is-provider-youtube wp-embed-aspect-16-9 wp-has-aspect-ratio\"><div class=\"wp-block-embed__wrapper\">\n<iframe title=\"L\u2019Eixample i la metr\u00f2poli de Barcelona: una cru\u00eflla de futurs (II) (14\/07\/2021 - 12 h)\" width=\"1080\" height=\"608\" src=\"https:\/\/www.youtube.com\/embed\/UoJwQArd_Ko?feature=oembed\" frameborder=\"0\" allow=\"accelerometer; autoplay; clipboard-write; encrypted-media; gyroscope; picture-in-picture\" allowfullscreen><\/iframe>\n<\/div><\/figure>\n\n\n\n<p><\/p>\n","protected":false},"excerpt":{"rendered":"<p>El 14 de julio participamos en el debate La ciudad verde: los ejes verdes y los corredores ecol\u00f3gicos del Eixample en el marco de las Jornadas que el Distrito del Eixample organiza para reflexionar en torno a diferentes tem\u00e1ticas que le afectan. Junto con Xavier Matilla, Maria Sisternas y Lidia Calvo, explicamos a trav\u00e9s del [&hellip;]<\/p>\n","protected":false},"author":7,"featured_media":211794,"comment_status":"open","ping_status":"open","sticky":false,"template":"","format":"standard","meta":{"_et_pb_use_builder":"off","_et_pb_old_content":"","_et_gb_content_width":""},"categories":[63],"tags":[],"_links":{"self":[{"href":"https:\/\/www.irbis.cat\/es\/wp-json\/wp\/v2\/posts\/211797"}],"collection":[{"href":"https:\/\/www.irbis.cat\/es\/wp-json\/wp\/v2\/posts"}],"about":[{"href":"https:\/\/www.irbis.cat\/es\/wp-json\/wp\/v2\/types\/post"}],"author":[{"embeddable":true,"href":"https:\/\/www.irbis.cat\/es\/wp-json\/wp\/v2\/users\/7"}],"replies":[{"embeddable":true,"href":"https:\/\/www.irbis.cat\/es\/wp-json\/wp\/v2\/comments?post=211797"}],"version-history":[{"count":2,"href":"https:\/\/www.irbis.cat\/es\/wp-json\/wp\/v2\/posts\/211797\/revisions"}],"predecessor-version":[{"id":211799,"href":"https:\/\/www.irbis.cat\/es\/wp-json\/wp\/v2\/posts\/211797\/revisions\/211799"}],"wp:featuredmedia":[{"embeddable":true,"href":"https:\/\/www.irbis.cat\/es\/wp-json\/wp\/v2\/media\/211794"}],"wp:attachment":[{"href":"https:\/\/www.irbis.cat\/es\/wp-json\/wp\/v2\/media?parent=211797"}],"wp:term":[{"taxonomy":"category","embeddable":true,"href":"https:\/\/www.irbis.cat\/es\/wp-json\/wp\/v2\/categories?post=211797"},{"taxonomy":"post_tag","embeddable":true,"href":"https:\/\/www.irbis.cat\/es\/wp-json\/wp\/v2\/tags?post=211797"}],"curies":[{"name":"wp","href":"https:\/\/api.w.org\/{rel}","templated":true}]}}