{"id":210899,"date":"2019-12-11T16:33:41","date_gmt":"2019-12-11T16:33:41","guid":{"rendered":"https:\/\/www.irbis.cat\/2019\/12\/11\/nos-invitan-a-la-cop25-de-madrid-para-hablar-de-ciudad-sostenible\/"},"modified":"2019-12-20T10:09:05","modified_gmt":"2019-12-20T10:09:05","slug":"nos-invitan-a-la-cop25-de-madrid-para-hablar-de-ciudad-sostenible","status":"publish","type":"post","link":"https:\/\/www.irbis.cat\/es\/2019\/12\/11\/nos-invitan-a-la-cop25-de-madrid-para-hablar-de-ciudad-sostenible\/","title":{"rendered":"Nos invitan a la COP25 de Madrid para hablar de Ciudad Sostenible"},"content":{"rendered":"\n<h5 class=\"wp-block-heading\"><strong>Hem estat convidades el dijous 12 de desembre a participar en la Cimera Mundial del Clima, COP25, en una taula rodona sobre Ciutats Sostenibles.  <\/strong><\/h5>\n\n<p>L&#8217;esdeveniment es dur\u00e0 a terme al pavell\u00f3 del BENELUX, de l&#8217;IFEMA, seu de la cimera a Madrid. Les 7 persones participants a la taula rodona estem convidades a presentar la nostra interpretaci\u00f3 des de diferents aproximacions i camps de treball en relaci\u00f3 a les ciutats sostenibles. L&#8217;esdeveniment culminar\u00e0 amb una discussi\u00f3 compartida i oberta al p\u00fablic. <\/p>\n\n<p>En representaci\u00f3n de IRBIS participar\u00e1 Clara Montaner Aug\u00e9, licenciada en Ciencias Ambientales y Master en urbanismo y sostenibilidad, para presentar nuestra experiencia en <em>Soluciones basadas en la naturaleza (NBS)<\/em> y sus m\u00faltiples beneficios. Se trata de estrategias para reforzar las din\u00e1micas ecol\u00f3gicas que hemos aplicado en la nueva Plaza de les Gl\u00f2ries Catalanes de Barcelona, con unos resultados muy positivos, entre otros proyectos en esta l\u00ednea de trabajo.<\/p>\n\n<p>Compartiremos mesa de debate con ponentes de talla mundial, como el Ministro de Ambiente y Energ\u00eda de Costa Rica, Carlos Manuel Rodr\u00edguez Echandi, o bien Ole Bouman, Director de la Design Society de Shenzhen, China. <\/p>\n","protected":false},"excerpt":{"rendered":"<p>Hem estat convidades el dijous 12 de desembre a participar en la Cimera Mundial del Clima, COP25, en una taula rodona sobre Ciutats Sostenibles. L&#8217;esdeveniment es dur\u00e0 a terme al pavell\u00f3 del BENELUX, de l&#8217;IFEMA, seu de la cimera a Madrid. Les 7 persones participants a la taula rodona estem convidades a presentar la nostra [&hellip;]<\/p>\n","protected":false},"author":2,"featured_media":210897,"comment_status":"open","ping_status":"open","sticky":false,"template":"","format":"standard","meta":{"_et_pb_use_builder":"off","_et_pb_old_content":"","_et_gb_content_width":""},"categories":[31,72],"tags":[],"_links":{"self":[{"href":"https:\/\/www.irbis.cat\/es\/wp-json\/wp\/v2\/posts\/210899"}],"collection":[{"href":"https:\/\/www.irbis.cat\/es\/wp-json\/wp\/v2\/posts"}],"about":[{"href":"https:\/\/www.irbis.cat\/es\/wp-json\/wp\/v2\/types\/post"}],"author":[{"embeddable":true,"href":"https:\/\/www.irbis.cat\/es\/wp-json\/wp\/v2\/users\/2"}],"replies":[{"embeddable":true,"href":"https:\/\/www.irbis.cat\/es\/wp-json\/wp\/v2\/comments?post=210899"}],"version-history":[{"count":9,"href":"https:\/\/www.irbis.cat\/es\/wp-json\/wp\/v2\/posts\/210899\/revisions"}],"predecessor-version":[{"id":210940,"href":"https:\/\/www.irbis.cat\/es\/wp-json\/wp\/v2\/posts\/210899\/revisions\/210940"}],"wp:featuredmedia":[{"embeddable":true,"href":"https:\/\/www.irbis.cat\/es\/wp-json\/wp\/v2\/media\/210897"}],"wp:attachment":[{"href":"https:\/\/www.irbis.cat\/es\/wp-json\/wp\/v2\/media?parent=210899"}],"wp:term":[{"taxonomy":"category","embeddable":true,"href":"https:\/\/www.irbis.cat\/es\/wp-json\/wp\/v2\/categories?post=210899"},{"taxonomy":"post_tag","embeddable":true,"href":"https:\/\/www.irbis.cat\/es\/wp-json\/wp\/v2\/tags?post=210899"}],"curies":[{"name":"wp","href":"https:\/\/api.w.org\/{rel}","templated":true}]}}