{"id":210540,"date":"2019-03-20T08:34:57","date_gmt":"2019-03-20T08:34:57","guid":{"rendered":"https:\/\/www.irbis.cat\/2019\/03\/20\/co-coordinacion-del-taller-de-los-sistemas-del-verde-en-el-master-de-arquitectura-del-paisaje-de-barcelona-2018-19\/"},"modified":"2023-05-31T13:53:47","modified_gmt":"2023-05-31T13:53:47","slug":"co-coordinacion-del-taller-de-los-sistemas-del-verde-en-el-master-de-arquitectura-del-paisaje-de-barcelona-2018-19","status":"publish","type":"post","link":"https:\/\/www.irbis.cat\/es\/2019\/03\/20\/co-coordinacion-del-taller-de-los-sistemas-del-verde-en-el-master-de-arquitectura-del-paisaje-de-barcelona-2018-19\/","title":{"rendered":"Co-coordinaci\u00f3n del Taller de los Sistemas del Verde en el Master de Arquitectura del Paisaje de Barcelona (2018-19)"},"content":{"rendered":"<p>Por primera vez, hemos asumido la co-coordinaci\u00f3n de un taller de 7 semanas dentro del M\u00e1ster de Arquitectura del Paisaje de Barcelona (UPC).<\/p>\n<p>Durante los meses de enero y febrero del 2019, en tanto que expertos en ecolog\u00eda aplicada al territorio y el espacio urbano, hemos participado en uno de los 4 talleres de los que consta el M\u00e1ster de Paisaje y Arquitectura de Barcelona (UPC).<br \/>\nConcretamente, Xavier Mayor, de Irbis, ha asumido la co-coordinaci\u00f3n junto con Manuel Ruis\u00e1nchez, reconocido arquitecto paisajista.<br \/>\nDestacamos el Taller B2 Infraestructura del Verde donde hemos tenido un papel destacado. Hay participado principalmente Xavier Mayor y Agata Buscemi, arquitecta paisajista. Tambi\u00e9n ha colaborado J\u00falia Barba y Clara Montaner, ambas ambient\u00f3logas de IRBIS.<\/p>\n<blockquote><p>Nuestra contribuci\u00f3n ha sido la coordinaci\u00f3n, la carga docente y el seguimiento del desarrollo de los proyectos realizados por los alumnos del Taller. Tambi\u00e9n hemos hecho la valoraci\u00f3n acad\u00e9mica de los diferentes trabajos del taller. La experiencia ha sido especialmente satisfactoria.<\/p><\/blockquote>\n","protected":false},"excerpt":{"rendered":"<p>Por primera vez, hemos asumido la co-coordinaci\u00f3n de un taller de 7 semanas dentro del M\u00e1ster de Arquitectura del Paisaje de Barcelona (UPC). Durante los meses de enero y febrero del 2019, en tanto que expertos en ecolog\u00eda aplicada al territorio y el espacio urbano, hemos participado en uno de los 4 talleres de los [&hellip;]<\/p>\n","protected":false},"author":1,"featured_media":210503,"comment_status":"open","ping_status":"open","sticky":false,"template":"","format":"standard","meta":{"_et_pb_use_builder":"","_et_pb_old_content":"","_et_gb_content_width":""},"categories":[52,72],"tags":[],"_links":{"self":[{"href":"https:\/\/www.irbis.cat\/es\/wp-json\/wp\/v2\/posts\/210540"}],"collection":[{"href":"https:\/\/www.irbis.cat\/es\/wp-json\/wp\/v2\/posts"}],"about":[{"href":"https:\/\/www.irbis.cat\/es\/wp-json\/wp\/v2\/types\/post"}],"author":[{"embeddable":true,"href":"https:\/\/www.irbis.cat\/es\/wp-json\/wp\/v2\/users\/1"}],"replies":[{"embeddable":true,"href":"https:\/\/www.irbis.cat\/es\/wp-json\/wp\/v2\/comments?post=210540"}],"version-history":[{"count":1,"href":"https:\/\/www.irbis.cat\/es\/wp-json\/wp\/v2\/posts\/210540\/revisions"}],"predecessor-version":[{"id":212638,"href":"https:\/\/www.irbis.cat\/es\/wp-json\/wp\/v2\/posts\/210540\/revisions\/212638"}],"wp:featuredmedia":[{"embeddable":true,"href":"https:\/\/www.irbis.cat\/es\/wp-json\/wp\/v2\/media\/210503"}],"wp:attachment":[{"href":"https:\/\/www.irbis.cat\/es\/wp-json\/wp\/v2\/media?parent=210540"}],"wp:term":[{"taxonomy":"category","embeddable":true,"href":"https:\/\/www.irbis.cat\/es\/wp-json\/wp\/v2\/categories?post=210540"},{"taxonomy":"post_tag","embeddable":true,"href":"https:\/\/www.irbis.cat\/es\/wp-json\/wp\/v2\/tags?post=210540"}],"curies":[{"name":"wp","href":"https:\/\/api.w.org\/{rel}","templated":true}]}}