{"id":210493,"date":"2018-11-12T11:07:33","date_gmt":"2018-11-12T11:07:33","guid":{"rendered":"https:\/\/www.irbis.cat\/2018\/11\/12\/jornada-sobre-la-sostenibilidad-ambiental-de-los-equipamientos-culturales\/"},"modified":"2023-05-31T14:02:43","modified_gmt":"2023-05-31T14:02:43","slug":"jornada-sobre-la-sostenibilidad-ambiental-de-los-equipamientos-culturales","status":"publish","type":"post","link":"https:\/\/www.irbis.cat\/es\/2018\/11\/12\/jornada-sobre-la-sostenibilidad-ambiental-de-los-equipamientos-culturales\/","title":{"rendered":"Jornada sobre la sostenibilidad ambiental de los equipamientos culturales"},"content":{"rendered":"<p>El pasado 24 de octubre participamos en la jornada \u00abla sostenibilidad ambiental de los equipamientos culturales, los museos y las bibliotecas\u00bb que tuvo lugar en el Arts Santa M\u00f3nica de Barcelona. Presentamos <a href=\"https:\/\/www.irbis.cat\/es\/2017\/10\/09\/equipamientos-del-icub-obtienen-el-distintivo-de-garantia-de-calidad-ambiental\/\" target=\"_blank\" rel=\"noopener\">la experiencia del ICUB<\/a> con la implantaci\u00f3n del Distintivo de Garant\u00eda de Calidad Ambiental a sus equipamientos.<\/p>\n<p>La jornada cont\u00f3 con una primera parte de car\u00e1cter te\u00f3rico sobre cultura y sostenibilidad ambiental a cargo de Jordi Mart\u00ednez, de Ecogesa y sobre el funcionamiento y los requisitos que deben cumplir los equipamientos para conseguir el Distintivo de Garant\u00eda de Calidad Ambiental, a cargo de Josep Maria Massip y Miriam Villa del Departament de Territori i Sostenibilitat, que cre\u00f3 en 1994 el Distintivo de Garant\u00eda de Calidad Ambiental.<\/p>\n<p>La segunda parte de la jornada se basaba en la exposici\u00f3n de casos pr\u00e1cticos con cuatro ejemplos de equipamientos que han implementado la sostenibilidad ambiental en su d\u00eda a d\u00eda: el ICUB, el Teatro Auditorio de Granollers, el Teatro Auditorio de Sant Cugat y el Consorcio de Bibliotecas de Barcelona.<\/p>\n<p>Asensio Mir, jefe del Departamento de Producci\u00f3n y Mantenimiento del ICUB y Julia Barba, del equipo de Irbis, responsable de la implantaci\u00f3n y renovaci\u00f3n del Distintivo de garant\u00eda de calidad ambiental a los equipamientos culturales del Ayuntamiento de Barcelona, expusieron tres ejemplos de buenas pr\u00e1cticas en equipamientos culturales de la ciudad, como el Dise\u00f1o Hub Barcelona, \u200b\u200bel centro de creaci\u00f3n Graner y el Palau de la Virreina.<\/p>\n","protected":false},"excerpt":{"rendered":"<p>Participamos en la jornada \u00abla sostenibilidad ambiental de los equipamientos culturales, los museos y las bibliotecas\u00bb que tuvo lugar en el Arts Santa M\u00f2nica de Barcelona. Presentamos la experiencia del ICUB con la implantaci\u00f3n del Distintivo de Garant\u00eda de Calidad Ambiental a sus equipamientos.<\/p>\n","protected":false},"author":2,"featured_media":210441,"comment_status":"open","ping_status":"open","sticky":false,"template":"","format":"standard","meta":{"_et_pb_use_builder":"","_et_pb_old_content":"","_et_gb_content_width":""},"categories":[74,31,47],"tags":[],"_links":{"self":[{"href":"https:\/\/www.irbis.cat\/es\/wp-json\/wp\/v2\/posts\/210493"}],"collection":[{"href":"https:\/\/www.irbis.cat\/es\/wp-json\/wp\/v2\/posts"}],"about":[{"href":"https:\/\/www.irbis.cat\/es\/wp-json\/wp\/v2\/types\/post"}],"author":[{"embeddable":true,"href":"https:\/\/www.irbis.cat\/es\/wp-json\/wp\/v2\/users\/2"}],"replies":[{"embeddable":true,"href":"https:\/\/www.irbis.cat\/es\/wp-json\/wp\/v2\/comments?post=210493"}],"version-history":[{"count":1,"href":"https:\/\/www.irbis.cat\/es\/wp-json\/wp\/v2\/posts\/210493\/revisions"}],"predecessor-version":[{"id":212643,"href":"https:\/\/www.irbis.cat\/es\/wp-json\/wp\/v2\/posts\/210493\/revisions\/212643"}],"wp:featuredmedia":[{"embeddable":true,"href":"https:\/\/www.irbis.cat\/es\/wp-json\/wp\/v2\/media\/210441"}],"wp:attachment":[{"href":"https:\/\/www.irbis.cat\/es\/wp-json\/wp\/v2\/media?parent=210493"}],"wp:term":[{"taxonomy":"category","embeddable":true,"href":"https:\/\/www.irbis.cat\/es\/wp-json\/wp\/v2\/categories?post=210493"},{"taxonomy":"post_tag","embeddable":true,"href":"https:\/\/www.irbis.cat\/es\/wp-json\/wp\/v2\/tags?post=210493"}],"curies":[{"name":"wp","href":"https:\/\/api.w.org\/{rel}","templated":true}]}}