{"id":210373,"date":"2018-07-11T11:12:38","date_gmt":"2018-07-11T11:12:38","guid":{"rendered":"https:\/\/www.irbis.cat\/2018\/07\/11\/pasamos-a-la-segunda-fase-del-concurso-de-idees-del-pla-dimpuls-en-mataro\/"},"modified":"2018-07-11T11:16:44","modified_gmt":"2018-07-11T11:16:44","slug":"pasamos-a-la-segunda-fase-del-concurso-de-idees-del-pla-dimpuls-en-mataro","status":"publish","type":"post","link":"https:\/\/www.irbis.cat\/es\/2018\/07\/11\/pasamos-a-la-segunda-fase-del-concurso-de-idees-del-pla-dimpuls-en-mataro\/","title":{"rendered":"Pasamos a la segunda fase de un concurso de ideas para el centro de Matar\u00f3"},"content":{"rendered":"<p>[et_pb_section admin_label=\u00bbsection\u00bb]<br \/>\n\t\t[et_pb_row admin_label=\u00bbrow\u00bb]<br \/>\n\t\t\t[et_pb_column type=\u00bb4_4&#8243;]<br \/>\n\t\t\t\t[et_pb_text admin_label=\u00bbText\u00bb]<br \/>\n\t\t\t\t\t<strong>El objectivo<\/strong> de este concurso de ideas es dise\u00f1ar una estrategia y un modelo que incluya acciones econ\u00f3micas, urban\u00edsticas, arquitect\u00f3nicas, de movilidad, as\u00ed como de dinamizaci\u00f3n econ\u00f3mica, cultural y social que permitan impulsar el Centro como motor de actividad cultural, de comercio y tur\u00edstica integrada dentro de un \u00fanico discurso que valore su legado hist\u00f3rico y patrimonial.<\/p>\n<p>El jurado del concurso ya ha seleccionado los <strong>finalistas<\/strong> que pasan a la <strong>segunda fase<\/strong> y <strong>Irbis<\/strong> forma parte de ellos.<\/p>\n<p>Las bases de este concurso consisten en la faceta multidisciplinar de los equipos candidatos, la experiencia de los profesionales integrados en los diferentes equipos y los resultados obtenidos en su trayectoria en las materias objeto del concurso as\u00ed como las ideas previas que plantean en relaci\u00f3n a sus propuestas de actuaci\u00f3n para el centro de Matar\u00f3.<\/p>\n<p>M\u00e1s informaci\u00f3n: <a href=\"http:\/\/www.mataro.cat\/web\/portal\/contingut\/noticia\/2018\/06\/14166_segonafase_pla_impuls-centre.html\" target=\"_blank\" rel=\"noopener\">http:\/\/www.mataro.cat<\/a><br \/>\n\t\t\t\t[\/et_pb_text]<br \/>\n\t\t\t[\/et_pb_column]<br \/>\n\t\t[\/et_pb_row]<br \/>\n\t[\/et_pb_section]<\/p>\n","protected":false},"excerpt":{"rendered":"<p>El jurado del concurso de ideas del Plan de Impulso al Centro ya ha seleccionado los finalistas que pasan a la segunda fase y nosotros, somos uno de ellos.<\/p>\n","protected":false},"author":1,"featured_media":210361,"comment_status":"open","ping_status":"open","sticky":false,"template":"","format":"standard","meta":{"_et_pb_use_builder":"on","_et_pb_old_content":"","_et_gb_content_width":""},"categories":[45,30],"tags":[],"_links":{"self":[{"href":"https:\/\/www.irbis.cat\/es\/wp-json\/wp\/v2\/posts\/210373"}],"collection":[{"href":"https:\/\/www.irbis.cat\/es\/wp-json\/wp\/v2\/posts"}],"about":[{"href":"https:\/\/www.irbis.cat\/es\/wp-json\/wp\/v2\/types\/post"}],"author":[{"embeddable":true,"href":"https:\/\/www.irbis.cat\/es\/wp-json\/wp\/v2\/users\/1"}],"replies":[{"embeddable":true,"href":"https:\/\/www.irbis.cat\/es\/wp-json\/wp\/v2\/comments?post=210373"}],"version-history":[{"count":3,"href":"https:\/\/www.irbis.cat\/es\/wp-json\/wp\/v2\/posts\/210373\/revisions"}],"predecessor-version":[{"id":210377,"href":"https:\/\/www.irbis.cat\/es\/wp-json\/wp\/v2\/posts\/210373\/revisions\/210377"}],"wp:featuredmedia":[{"embeddable":true,"href":"https:\/\/www.irbis.cat\/es\/wp-json\/wp\/v2\/media\/210361"}],"wp:attachment":[{"href":"https:\/\/www.irbis.cat\/es\/wp-json\/wp\/v2\/media?parent=210373"}],"wp:term":[{"taxonomy":"category","embeddable":true,"href":"https:\/\/www.irbis.cat\/es\/wp-json\/wp\/v2\/categories?post=210373"},{"taxonomy":"post_tag","embeddable":true,"href":"https:\/\/www.irbis.cat\/es\/wp-json\/wp\/v2\/tags?post=210373"}],"curies":[{"name":"wp","href":"https:\/\/api.w.org\/{rel}","templated":true}]}}